
{"id":123536,"date":"2026-04-22T09:07:36","date_gmt":"2026-04-22T07:07:36","guid":{"rendered":"https:\/\/inmosolycasas.com\/openbaarvervoer-in-benidorm\/"},"modified":"2026-04-22T09:22:41","modified_gmt":"2026-04-22T07:22:41","slug":"transporte-publico-en-benidorm","status":"publish","type":"post","link":"https:\/\/inmosolycasas.com\/es\/transporte-publico-en-benidorm\/","title":{"rendered":"Transporte p\u00fablico en Benidorm"},"content":{"rendered":"<div role=\"heading\" data-animation-nesting=\"\" data-sfc-cp=\"\" data-sfc-root=\"c\" data-sfc-cb=\"\" data-complete=\"true\" data-processed=\"true\" data-sae=\"\">\n<p>Transporte p\u00fablico en Benidorm<\/p>\n<p>Trenes por la costa: La gu\u00eda definitiva del transporte p\u00fablico en Benidorm y alrededores.<\/p>\n<p>Benidorm es el coraz\u00f3n de la Costa Blanca. Pero quien piense que esta ciudad solo se compone de rascacielos y playas doradas se pierde mucho. La verdadera magia de la regi\u00f3n de Alicante se esconde en las calles blancas de Altea, las coloridas casas de pescadores de Villajoyosa y las escarpadas monta\u00f1as que se alzan tras la costa. La gran pregunta para muchos turistas es: \u00bfc\u00f3mo llegar sin coche de alquiler?<\/p>\n<p>La respuesta es sorprendentemente sencilla y eficaz. Tanto si tomas los emblem\u00e1ticos tranv\u00edas rojos y blancos del TRAM Metropolitano como los autobuses azules y blancos de Avanza, el transporte p\u00fablico en Benidorm es toda una aventura. En esta gu\u00eda, analizamos en detalle las rutas, las frecuencias y, sobre todo, los precios, para que sepas exactamente c\u00f3mo explorar toda la regi\u00f3n por tan solo unos euros. 1. La columna vertebral de la costa: El Tranv\u00eda Metropolitano (L\u00ednea 9 y L\u00ednea 1)<\/p>\n<p>Si hay un medio de transporte que debes conocer, es el Tranv\u00eda. No es un metro com\u00fan, sino una mezcla entre tren y tranv\u00eda que recorre la costa. Desde Benidorm, la estaci\u00f3n del Tranv\u00eda (situada en la parte alta de la ciudad, cerca de la Avenida de Beniard\u00e1) es tu puerta de entrada al norte y al sur.<\/p>\n<p>Rumbo al norte: L\u00ednea 9 a Altea, Calpe y D\u00e9nia<br \/>\nLa L\u00ednea 9 es, sin duda, uno de los trayectos en tren m\u00e1s bonitos de Espa\u00f1a. Al salir de la ciudad, el tranv\u00eda asciende lentamente por las colinas, ofreciendo vistas panor\u00e1micas del mar Mediterr\u00e1neo.<\/p>\n<p>La ruta: El tranv\u00eda para en Altea (tras unos 15 minutos), contin\u00faa hasta el impresionante Pe\u00f1\u00f3n de Ifach y finaliza en la ciudad portuaria de D\u00e9nia. Frecuencia: Durante el d\u00eda, la L\u00ednea 9 suele pasar una vez por hora. Por lo tanto, es recomendable consultar el horario con antelaci\u00f3n en la app de TRAM Alicante o en la estaci\u00f3n.<\/p>\n<p>Costos: El sistema tarifario funciona por zonas. Benidorm se encuentra en la Zona B. Un viaje a Altea cuesta aproximadamente 1,45 \u20ac por trayecto. Si viaja hasta D\u00e9nia (Zona C), pagar\u00e1 alrededor de 2,80 \u20ac. Si planea viajar con frecuencia, compre un bono multiviaje, que reduce significativamente el precio por trayecto.<\/p>\n<p>Hacia el sur: L\u00ednea 1 a Villajoyosa y Alicante<br \/>\n\u00bfQuiere cambiar el bullicio de Benidorm por un d\u00eda de compras en la gran ciudad? Entonces la L\u00ednea 1 es su mejor opci\u00f3n. Este tranv\u00eda expr\u00e9s le lleva al centro de Alicante en poco m\u00e1s de una hora.<\/p>\n<p>Recorrido: La primera parada importante es Villajoyosa (La Vila Joiosa), a solo 15-20 minutos. Despu\u00e9s, el tranv\u00eda recorre la costa hasta la parada de Luceros, en el centro de Alicante.<\/p>\n<p>Frecuencia: La l\u00ednea 1 tiene mayor frecuencia que la l\u00ednea norte. Normalmente, sale un tranv\u00eda cada 30 minutos.<\/p>\n<p>Costos: Un viaje sencillo a Alicante cuesta aproximadamente 2,80 \u20ac. Para Villajoyosa, se paga la tarifa b\u00e1sica de 1,45 \u20ac.<\/p>\n<p>2. Autobuses Azules: Conexiones Locales y Regionales (Avanza)<br \/>\nAunque el tranv\u00eda es muy bonito, no llega a todas partes. Para distancias cortas y lugares situados en las zonas altas de la monta\u00f1a, se utilizan los autobuses Avanza (antes Llorente).<\/p>\n<p>Hacia la &#8216;Perla de la Costa&#8217;: Altea (L\u00ednea 010)<br \/>\nAunque el tranv\u00eda para en Altea, el autob\u00fas suele dejarte m\u00e1s cerca del centro. La l\u00ednea 010 atraviesa el centro de Benidorm hasta el bulevar de Altea y termina en Altea la Vella.<\/p>\n<\/div>\n<ul class=\"KsbFXc U6u95\" data-sfc-root=\"c\" data-sfc-cb=\"\" data-complete=\"true\" data-processed=\"true\">\n<li class=\"Z1qcYe\" data-sfc-cp=\"\" data-sfc-root=\"c\" data-sfc-cb=\"\" data-hveid=\"CAEIDRAA\" data-complete=\"true\" data-sae=\"\">Frecuencia: En temporada alta, este autob\u00fas pasa cada 15 o 20 minutos. Es la forma m\u00e1s accesible de cenar algo r\u00e1pido en Altea.\n<p>Precio: Un billete sencillo cuesta 1,60 \u20ac al conductor. Consejo: compra un bono de autob\u00fas (por ejemplo, 10 viajes por unos 11 \u20ac). As\u00ed pagar\u00e1s menos de 1,20 \u20ac por viaje y podr\u00e1s compartir la tarjeta con tus acompa\u00f1antes.<\/p>\n<p>A las cascadas y el castillo: Callosa d&#8217;en Sarri\u00e0 y Guadalest (L\u00ednea 016)<br \/>\nPara los amantes de la naturaleza, una visita a las cascadas de Fonts de l\u2019Algar o al pueblo de monta\u00f1a de Guadalest es imprescindible.<\/p>\n<p>Ruta: La l\u00ednea 016 te lleva a las monta\u00f1as. Nota: este autob\u00fas solo pasa unas pocas veces al d\u00eda. El trayecto a Guadalest es espectacular, pero con muchas curvas; \u00a1se advierte a quienes se marean con facilidad!<\/p>\n<p>Frecuencia: Limitada. Normalmente hay entre 2 y 3 viajes de ida y vuelta al d\u00eda. As\u00ed que planifica bien tu d\u00eda teniendo en cuenta los horarios de los autobuses.<\/p>\n<p>Costos: Debido a la distancia y la orograf\u00eda, este autob\u00fas es un poco m\u00e1s caro; calcula entre 3,50 \u20ac y 4,50 \u20ac por un viaje de ida.<\/p>\n<p>Municipios vecinos: L&#8217;Alf\u00e0s del Pi y Albir<br \/>\nJusto al lado de Benidorm se encuentran el enclave noruego de L&#8217;Alf\u00e0s del Pi y el elegante pueblo costero de Albir.<\/p>\n<p>Frecuencia: L\u00edneas como la 010 tambi\u00e9n paran en Albir. Hay un autob\u00fas que va en esa direcci\u00f3n casi constantemente.<\/p>\n<p>Costos: La misma tarifa local de 1,60 \u20ac.<\/p>\n<p>3. Consejos pr\u00e1cticos para el viajero<\/p>\n<p>Tarjeta Tur\u00edstica<br \/>\nSi vas a estar en Benidorm una semana y planeas visitar muchos lugares, inf\u00f3rmate sobre la Tarjeta Oro o la Tarjeta Tur\u00edstica de la compa\u00f1\u00eda de autobuses. Por un importe fijo (por ejemplo, 24, 48 o 72 horas), puede utilizar ilimitadamente los autobuses locales e incluso el autob\u00fas al aeropuerto de Alicante (el autob\u00fas ALSA).<\/p>\n<p>M\u00e9todos de pago<br \/>\nA menudo todav\u00eda se puede pagar en efectivo en los autobuses (intente pagar con el importe exacto; los billetes de m\u00e1s de 10 \u20ac o 20 \u20ac suelen ser rechazados). Sin embargo, el pago sin contacto con tarjeta de d\u00e9bito o tel\u00e9fono m\u00f3vil se est\u00e1 convirtiendo cada vez m\u00e1s en la norma y es m\u00e1s r\u00e1pido. En las estaciones del TRAM, hay m\u00e1quinas donde puede pagar tanto con tarjeta de d\u00e9bito como en efectivo.<\/p>\n<p>Servicio nocturno<br \/>\nTenga en cuenta que el TRAM deja de funcionar entre las 22:30 y las 23:00. No hay tranv\u00eda nocturno entre las ciudades. Los autobuses suelen funcionar un poco m\u00e1s los fines de semana (los servicios nocturnos), pero estos se centran principalmente en el transporte dentro de Benidorm. \u00bfQuiere volver de Altea por la noche? Entonces tendr\u00e1 que coger un taxi (el precio ronda los 20-25 \u20ac). 4. Por qu\u00e9 el transporte p\u00fablico es la mejor opci\u00f3n en esta regi\u00f3n<br \/>\nAdem\u00e1s de su bajo precio, el transporte p\u00fablico ofrece una perspectiva \u00fanica. Desde el tranv\u00eda, se pueden contemplar zonas de la costa inaccesibles en coche, como peque\u00f1as calas y profundos barrancos. Adem\u00e1s, evita el enorme estr\u00e9s de buscar aparcamiento. En ciudades como Altea y Alicante, encontrar aparcamiento en temporada alta es casi imposible, y los aparcamientos suelen ser m\u00e1s caros que un billete de autob\u00fas de ida y vuelta para toda la familia.<\/p>\n<p>Adem\u00e1s, es una forma sostenible de viajar. Mientras el sol se pone sobre las monta\u00f1as de la Sierra Aitana, puedes relajarte y descansar en el tranv\u00eda climatizado, sin preocuparte por el tr\u00e1fico.<\/p>\n<p>Conclusi\u00f3n<br \/>\nBenidorm es m\u00e1s que un destino; es un punto de partida. Por menos de lo que cuesta un c\u00f3ctel, el tranv\u00eda o el autob\u00fas te llevan a ciudades hist\u00f3ricas, playas escondidas y espectaculares pueblos de monta\u00f1a.<\/p>\n<p>R\u00e1pido y frecuente: A Alicante o Albir\/Altea. Aventurero y econ\u00f3mico: A D\u00e9nia o Villajoyosa.<br \/>\nNaturaleza en estado puro: Guadalest y las cascadas del Algar.<\/p>\n<p>As\u00ed que deja el coche de alquiler, compra un abono tur\u00edstico en el quiosco y d\u00e9jate llevar por la diversidad de la Costa Blanca. El camino est\u00e1 trazado para ti.<\/li>\n<\/ul>\n<div data-sfc-cp=\"\" data-sfc-root=\"c\" data-sfc-cb=\"\" data-hveid=\"CAEIGxAA\" data-complete=\"true\" data-processed=\"true\">\n<p><em>\u00a0Lea tambi\u00e9n la informaci\u00f3n\u00a0<\/em><a href=\"https:\/\/inmosolycasas.com\/es\/obre-agencia-inmobiliaria-costa-blanca\/\"><em>sobre nosotros.<\/em><\/a><em>\u00a0o uno de nuestros otros\u00a0<\/em><a href=\"https:\/\/inmosolycasas.com\/es\/blog\/\"><em>blogs\u00a0<\/em><\/a><em>sobre la compra de una casa.<\/em><\/p>\n<p>Wikipedia:\u00a0<b>Benidorm<\/b>\u00a0es una ciudad y municipio\u00a0<a title=\"Espa\u00f1a\" href=\"https:\/\/es.wikipedia.org\/wiki\/Espa%C3%B1a\" target=\"_blank\" rel=\"noopener\">espa\u00f1ol<\/a>\u00a0de la\u00a0<a title=\"Provincia de Alicante\" href=\"https:\/\/es.wikipedia.org\/wiki\/Provincia_de_Alicante\" target=\"_blank\" rel=\"noopener\">provincia de Alicante<\/a>, en la\u00a0<a title=\"Comunidad Valenciana\" href=\"https:\/\/es.wikipedia.org\/wiki\/Comunidad_Valenciana\" target=\"_blank\" rel=\"noopener\">Comunidad Valenciana<\/a>. Est\u00e1 situada a orillas del\u00a0<a title=\"Mar Mediterr\u00e1neo\" href=\"https:\/\/es.wikipedia.org\/wiki\/Mar_Mediterr%C3%A1neo\" target=\"_blank\" rel=\"noopener\">mar Mediterr\u00e1neo<\/a>, en la\u00a0<a title=\"Comarca\" href=\"https:\/\/es.wikipedia.org\/wiki\/Comarca\" target=\"_blank\" rel=\"noopener\">comarca<\/a>\u00a0de la\u00a0<a title=\"Marina Baja\" href=\"https:\/\/es.wikipedia.org\/wiki\/Marina_Baja\" target=\"_blank\" rel=\"noopener\">Marina Baja<\/a>, de la que es su municipio m\u00e1s denso y poblado con una densidad de 1792\u00a0hab\/km\u00b2 y 70\u00a0450 habitantes en 2020 seg\u00fan el\u00a0<a class=\"mw-redirect\" title=\"Instituto Nacional de Estad\u00edstica de Espa\u00f1a\" href=\"https:\/\/es.wikipedia.org\/wiki\/Instituto_Nacional_de_Estad%C3%ADstica_de_Espa%C3%B1a\" target=\"_blank\" rel=\"noopener\">INE<\/a>.<sup id=\"cite_ref-3\" class=\"reference separada\"><\/sup>Es la capital tur\u00edstica de la\u00a0<a title=\"Comunidad Valenciana\" href=\"https:\/\/es.wikipedia.org\/wiki\/Comunidad_Valenciana\" target=\"_blank\" rel=\"noopener\">Comunidad Valenciana<\/a>.<sup id=\"cite_ref-d25f4ffe_4-0\" class=\"reference separada\"><\/sup>\u200b<\/p>\n<p>Conocida como la \u00ab<a title=\"Nueva York\" href=\"https:\/\/es.wikipedia.org\/wiki\/Nueva_York\" target=\"_blank\" rel=\"noopener\">Nueva York<\/a>\u00a0del\u00a0<a class=\"mw-redirect\" title=\"Mediterr\u00e1neo\" href=\"https:\/\/es.wikipedia.org\/wiki\/Mediterr%C3%A1neo\" target=\"_blank\" rel=\"noopener\">Mediterr\u00e1neo<\/a>\u00bb,<sup id=\"cite_ref-5\" class=\"reference separada\"><\/sup>\u00a0Benidorm es la ciudad con m\u00e1s rascacielos de\u00a0<a title=\"Espa\u00f1a\" href=\"https:\/\/es.wikipedia.org\/wiki\/Espa%C3%B1a\" target=\"_blank\" rel=\"noopener\">Espa\u00f1a<\/a>,\u00a0<sup id=\"cite_ref-6\" class=\"reference separada\"><\/sup>la ciudad con m\u00e1s rascacielos por habitante del mundo\u00a0<sup id=\"cite_ref-7\" class=\"reference separada\"><\/sup>y la segunda ciudad con m\u00e1s rascacielos por metro cuadrado del mundo, solo detr\u00e1s de\u00a0<a title=\"Nueva York\" href=\"https:\/\/es.wikipedia.org\/wiki\/Nueva_York\" target=\"_blank\" rel=\"noopener\">Nueva York<\/a>.<sup id=\"cite_ref-8\" class=\"reference separada\"><\/sup>\u200b<\/p>\n<p>Se trata de uno de los destinos tur\u00edsticos m\u00e1s importantes y conocidos de\u00a0<a title=\"Espa\u00f1a\" href=\"https:\/\/es.wikipedia.org\/wiki\/Espa%C3%B1a\" target=\"_blank\" rel=\"noopener\">Espa\u00f1a<\/a>\u00a0y de todo el\u00a0<a title=\"Mar Mediterr\u00e1neo\" href=\"https:\/\/es.wikipedia.org\/wiki\/Mar_Mediterr%C3%A1neo\" target=\"_blank\" rel=\"noopener\">Mediterr\u00e1neo<\/a>\u00a0gracias a sus playas y su vida nocturna, llegando a alcanzar los 400\u00a0000 habitantes en verano. No en vano, Benidorm es la tercera ciudad con m\u00e1s plazas hoteleras de Espa\u00f1a tras\u00a0<a title=\"Madrid\" href=\"https:\/\/es.wikipedia.org\/wiki\/Madrid\" target=\"_blank\" rel=\"noopener\">Madrid<\/a>\u00a0y\u00a0<a title=\"Barcelona\" href=\"https:\/\/es.wikipedia.org\/wiki\/Barcelona\" target=\"_blank\" rel=\"noopener\">Barcelona<\/a>.\u200b Benidorm es la primera ciudad espa\u00f1ola en recibir el certificado de Destino Tur\u00edstico Inteligente,<sup id=\"cite_ref-9\" class=\"reference separada\"><a href=\"https:\/\/es.wikipedia.org\/wiki\/Benidorm#cite_note-9\">9<\/a><\/sup>\u200b otorgado por el Instituto para la Calidad Tur\u00edstica de Espa\u00f1a (ICTE) gracias a la innovaci\u00f3n, accesibilidad, transformaci\u00f3n digital y su modelo vertical que permite un mejor aprovechamiento de los recursos.<\/p>\n<p>Tanto en verano como en invierno el clima en Benidorm es agradable, si no c\u00e1lido. Debido a las monta\u00f1as detr\u00e1s de la ciudad, el mal tiempo a menudo no llega a Benidorm. Benidorm es una de las zonas de playa m\u00e1s secas de\u00a0<a href=\"https:\/\/nl.wikipedia.org\/wiki\/Europa_(werelddeel)\" target=\"_blank\" rel=\"noopener\">Europa<\/a>.<\/p>\n<p>&nbsp;<\/p>\n<p><img src=\"https:\/\/inmosolycasas.com\/wp-content\/uploads\/2022\/08\/Alicante-Playa-de-levante-18-1024x280.jpeg\" alt=\"Route Alicante-Playa de levante\" \/><\/p>\n<\/div>\n","protected":false},"excerpt":{"rendered":"<p>Transporte p\u00fablico en Benidorm Trenes por la costa: La gu\u00eda definitiva del transporte p\u00fablico en Benidorm y alrededores. Benidorm es el coraz\u00f3n de la Costa Blanca. Pero quien piense que esta ciudad solo se compone de rascacielos y playas doradas se pierde mucho. La verdadera magia de la regi\u00f3n de Alicante se esconde en las [&hellip;]<\/p>\n","protected":false},"author":3,"featured_media":123527,"comment_status":"closed","ping_status":"closed","sticky":false,"template":"","format":"standard","meta":{"_monsterinsights_skip_tracking":false,"_monsterinsights_sitenote_active":false,"_monsterinsights_sitenote_note":"","_monsterinsights_sitenote_category":0},"categories":[191],"tags":[],"yoast_head":"<!-- This site is optimized with the Yoast SEO plugin v18.6 - https:\/\/yoast.com\/wordpress\/plugins\/seo\/ -->\n<title>Transporte p\u00fablico en Benidorm - Inmo Sol y Casas<\/title>\n<meta name=\"description\" content=\"Transporte p\u00fablico en Benidorm. Tu gu\u00eda definitiva de Benidorm. La gran pregunta para muchos turistas es: \u00bfc\u00f3mo se llega all\u00ed?\" \/>\n<meta name=\"robots\" content=\"index, follow, max-snippet:-1, max-image-preview:large, max-video-preview:-1\" \/>\n<link rel=\"canonical\" href=\"https:\/\/inmosolycasas.com\/es\/transporte-publico-en-benidorm\/\" \/>\n<meta property=\"og:locale\" content=\"es_ES\" \/>\n<meta property=\"og:type\" content=\"article\" \/>\n<meta property=\"og:title\" content=\"Transporte p\u00fablico en Benidorm - Inmo Sol y Casas\" \/>\n<meta property=\"og:description\" content=\"Transporte p\u00fablico en Benidorm. Tu gu\u00eda definitiva de Benidorm. La gran pregunta para muchos turistas es: \u00bfc\u00f3mo se llega all\u00ed?\" \/>\n<meta property=\"og:url\" content=\"https:\/\/inmosolycasas.com\/es\/transporte-publico-en-benidorm\/\" \/>\n<meta property=\"og:site_name\" content=\"Inmo Sol y Casas\" \/>\n<meta property=\"article:published_time\" content=\"2026-04-22T07:07:36+00:00\" \/>\n<meta property=\"article:modified_time\" content=\"2026-04-22T07:22:41+00:00\" \/>\n<meta property=\"og:image\" content=\"https:\/\/inmosolycasas.com\/wp-content\/uploads\/2026\/04\/Playa-Levante-1.jpeg\" \/>\n\t<meta property=\"og:image:width\" content=\"984\" \/>\n\t<meta property=\"og:image:height\" content=\"738\" \/>\n\t<meta property=\"og:image:type\" content=\"image\/jpeg\" \/>\n<meta name=\"twitter:card\" content=\"summary_large_image\" \/>\n<meta name=\"twitter:label1\" content=\"Escrito por\" \/>\n\t<meta name=\"twitter:data1\" content=\"Inmo Sol y Casas\" \/>\n\t<meta name=\"twitter:label2\" content=\"Tiempo de lectura\" \/>\n\t<meta name=\"twitter:data2\" content=\"8 minutos\" \/>\n<script type=\"application\/ld+json\" class=\"yoast-schema-graph\">{\"@context\":\"https:\/\/schema.org\",\"@graph\":[{\"@type\":\"Organization\",\"@id\":\"https:\/\/inmosolycasas.com\/#organization\",\"name\":\"Casa Galera\",\"url\":\"https:\/\/inmosolycasas.com\/\",\"sameAs\":[],\"logo\":{\"@type\":\"ImageObject\",\"@id\":\"https:\/\/inmosolycasas.com\/#logo\",\"inLanguage\":\"es\",\"url\":\"https:\/\/inmosolycasas.com\/wp-content\/uploads\/2021\/04\/logo.png\",\"contentUrl\":\"https:\/\/inmosolycasas.com\/wp-content\/uploads\/2021\/04\/logo.png\",\"width\":250,\"height\":83,\"caption\":\"Casa Galera\"},\"image\":{\"@id\":\"https:\/\/inmosolycasas.com\/#logo\"}},{\"@type\":\"WebSite\",\"@id\":\"https:\/\/inmosolycasas.com\/#website\",\"url\":\"https:\/\/inmosolycasas.com\/\",\"name\":\"Inmo Sol y Casas\",\"description\":\"\",\"publisher\":{\"@id\":\"https:\/\/inmosolycasas.com\/#organization\"},\"potentialAction\":[{\"@type\":\"SearchAction\",\"target\":{\"@type\":\"EntryPoint\",\"urlTemplate\":\"https:\/\/inmosolycasas.com\/?s={search_term_string}\"},\"query-input\":\"required name=search_term_string\"}],\"inLanguage\":\"es\"},{\"@type\":\"ImageObject\",\"@id\":\"https:\/\/inmosolycasas.com\/es\/transporte-publico-en-benidorm\/#primaryimage\",\"inLanguage\":\"es\",\"url\":\"https:\/\/inmosolycasas.com\/wp-content\/uploads\/2026\/04\/Playa-Levante-1.jpeg\",\"contentUrl\":\"https:\/\/inmosolycasas.com\/wp-content\/uploads\/2026\/04\/Playa-Levante-1.jpeg\",\"width\":984,\"height\":738,\"caption\":\"Benidorm\"},{\"@type\":\"WebPage\",\"@id\":\"https:\/\/inmosolycasas.com\/es\/transporte-publico-en-benidorm\/#webpage\",\"url\":\"https:\/\/inmosolycasas.com\/es\/transporte-publico-en-benidorm\/\",\"name\":\"Transporte p\u00fablico en Benidorm - Inmo Sol y Casas\",\"isPartOf\":{\"@id\":\"https:\/\/inmosolycasas.com\/#website\"},\"primaryImageOfPage\":{\"@id\":\"https:\/\/inmosolycasas.com\/es\/transporte-publico-en-benidorm\/#primaryimage\"},\"datePublished\":\"2026-04-22T07:07:36+00:00\",\"dateModified\":\"2026-04-22T07:22:41+00:00\",\"description\":\"Transporte p\u00fablico en Benidorm. Tu gu\u00eda definitiva de Benidorm. La gran pregunta para muchos turistas es: \u00bfc\u00f3mo se llega all\u00ed?\",\"breadcrumb\":{\"@id\":\"https:\/\/inmosolycasas.com\/es\/transporte-publico-en-benidorm\/#breadcrumb\"},\"inLanguage\":\"es\",\"potentialAction\":[{\"@type\":\"ReadAction\",\"target\":[\"https:\/\/inmosolycasas.com\/es\/transporte-publico-en-benidorm\/\"]}]},{\"@type\":\"BreadcrumbList\",\"@id\":\"https:\/\/inmosolycasas.com\/es\/transporte-publico-en-benidorm\/#breadcrumb\",\"itemListElement\":[{\"@type\":\"ListItem\",\"position\":1,\"name\":\"Home\",\"item\":\"https:\/\/inmosolycasas.com\/es\/\"},{\"@type\":\"ListItem\",\"position\":2,\"name\":\"Transporte p\u00fablico en Benidorm\"}]},{\"@type\":\"Article\",\"@id\":\"https:\/\/inmosolycasas.com\/es\/transporte-publico-en-benidorm\/#article\",\"isPartOf\":{\"@id\":\"https:\/\/inmosolycasas.com\/es\/transporte-publico-en-benidorm\/#webpage\"},\"author\":{\"@id\":\"https:\/\/inmosolycasas.com\/#\/schema\/person\/810eb2694e101ddc45e548c83d8f4491\"},\"headline\":\"Transporte p\u00fablico en Benidorm\",\"datePublished\":\"2026-04-22T07:07:36+00:00\",\"dateModified\":\"2026-04-22T07:22:41+00:00\",\"mainEntityOfPage\":{\"@id\":\"https:\/\/inmosolycasas.com\/es\/transporte-publico-en-benidorm\/#webpage\"},\"wordCount\":1614,\"publisher\":{\"@id\":\"https:\/\/inmosolycasas.com\/#organization\"},\"image\":{\"@id\":\"https:\/\/inmosolycasas.com\/es\/transporte-publico-en-benidorm\/#primaryimage\"},\"thumbnailUrl\":\"https:\/\/inmosolycasas.com\/wp-content\/uploads\/2026\/04\/Playa-Levante-1.jpeg\",\"articleSection\":[\"Sin categorizar\"],\"inLanguage\":\"es\"},{\"@type\":\"Person\",\"@id\":\"https:\/\/inmosolycasas.com\/#\/schema\/person\/810eb2694e101ddc45e548c83d8f4491\",\"name\":\"Inmo Sol y Casas\",\"image\":{\"@type\":\"ImageObject\",\"@id\":\"https:\/\/inmosolycasas.com\/#personlogo\",\"inLanguage\":\"es\",\"url\":\"https:\/\/secure.gravatar.com\/avatar\/dd97def878f509710e0cf62fde596f74?s=96&d=mm&r=g\",\"contentUrl\":\"https:\/\/secure.gravatar.com\/avatar\/dd97def878f509710e0cf62fde596f74?s=96&d=mm&r=g\",\"caption\":\"Inmo Sol y Casas\"},\"sameAs\":[\"https:\/\/inmosolycasas.com\/\"],\"url\":\"https:\/\/inmosolycasas.com\/es\/author\/ties\/\"}]}<\/script>\n<!-- \/ Yoast SEO plugin. -->","yoast_head_json":{"title":"Transporte p\u00fablico en Benidorm - Inmo Sol y Casas","description":"Transporte p\u00fablico en Benidorm. Tu gu\u00eda definitiva de Benidorm. La gran pregunta para muchos turistas es: \u00bfc\u00f3mo se llega all\u00ed?","robots":{"index":"index","follow":"follow","max-snippet":"max-snippet:-1","max-image-preview":"max-image-preview:large","max-video-preview":"max-video-preview:-1"},"canonical":"https:\/\/inmosolycasas.com\/es\/transporte-publico-en-benidorm\/","og_locale":"es_ES","og_type":"article","og_title":"Transporte p\u00fablico en Benidorm - Inmo Sol y Casas","og_description":"Transporte p\u00fablico en Benidorm. Tu gu\u00eda definitiva de Benidorm. La gran pregunta para muchos turistas es: \u00bfc\u00f3mo se llega all\u00ed?","og_url":"https:\/\/inmosolycasas.com\/es\/transporte-publico-en-benidorm\/","og_site_name":"Inmo Sol y Casas","article_published_time":"2026-04-22T07:07:36+00:00","article_modified_time":"2026-04-22T07:22:41+00:00","og_image":[{"width":984,"height":738,"url":"https:\/\/inmosolycasas.com\/wp-content\/uploads\/2026\/04\/Playa-Levante-1.jpeg","type":"image\/jpeg"}],"twitter_card":"summary_large_image","twitter_misc":{"Escrito por":"Inmo Sol y Casas","Tiempo de lectura":"8 minutos"},"schema":{"@context":"https:\/\/schema.org","@graph":[{"@type":"Organization","@id":"https:\/\/inmosolycasas.com\/#organization","name":"Casa Galera","url":"https:\/\/inmosolycasas.com\/","sameAs":[],"logo":{"@type":"ImageObject","@id":"https:\/\/inmosolycasas.com\/#logo","inLanguage":"es","url":"https:\/\/inmosolycasas.com\/wp-content\/uploads\/2021\/04\/logo.png","contentUrl":"https:\/\/inmosolycasas.com\/wp-content\/uploads\/2021\/04\/logo.png","width":250,"height":83,"caption":"Casa Galera"},"image":{"@id":"https:\/\/inmosolycasas.com\/#logo"}},{"@type":"WebSite","@id":"https:\/\/inmosolycasas.com\/#website","url":"https:\/\/inmosolycasas.com\/","name":"Inmo Sol y Casas","description":"","publisher":{"@id":"https:\/\/inmosolycasas.com\/#organization"},"potentialAction":[{"@type":"SearchAction","target":{"@type":"EntryPoint","urlTemplate":"https:\/\/inmosolycasas.com\/?s={search_term_string}"},"query-input":"required name=search_term_string"}],"inLanguage":"es"},{"@type":"ImageObject","@id":"https:\/\/inmosolycasas.com\/es\/transporte-publico-en-benidorm\/#primaryimage","inLanguage":"es","url":"https:\/\/inmosolycasas.com\/wp-content\/uploads\/2026\/04\/Playa-Levante-1.jpeg","contentUrl":"https:\/\/inmosolycasas.com\/wp-content\/uploads\/2026\/04\/Playa-Levante-1.jpeg","width":984,"height":738,"caption":"Benidorm"},{"@type":"WebPage","@id":"https:\/\/inmosolycasas.com\/es\/transporte-publico-en-benidorm\/#webpage","url":"https:\/\/inmosolycasas.com\/es\/transporte-publico-en-benidorm\/","name":"Transporte p\u00fablico en Benidorm - Inmo Sol y Casas","isPartOf":{"@id":"https:\/\/inmosolycasas.com\/#website"},"primaryImageOfPage":{"@id":"https:\/\/inmosolycasas.com\/es\/transporte-publico-en-benidorm\/#primaryimage"},"datePublished":"2026-04-22T07:07:36+00:00","dateModified":"2026-04-22T07:22:41+00:00","description":"Transporte p\u00fablico en Benidorm. Tu gu\u00eda definitiva de Benidorm. La gran pregunta para muchos turistas es: \u00bfc\u00f3mo se llega all\u00ed?","breadcrumb":{"@id":"https:\/\/inmosolycasas.com\/es\/transporte-publico-en-benidorm\/#breadcrumb"},"inLanguage":"es","potentialAction":[{"@type":"ReadAction","target":["https:\/\/inmosolycasas.com\/es\/transporte-publico-en-benidorm\/"]}]},{"@type":"BreadcrumbList","@id":"https:\/\/inmosolycasas.com\/es\/transporte-publico-en-benidorm\/#breadcrumb","itemListElement":[{"@type":"ListItem","position":1,"name":"Home","item":"https:\/\/inmosolycasas.com\/es\/"},{"@type":"ListItem","position":2,"name":"Transporte p\u00fablico en Benidorm"}]},{"@type":"Article","@id":"https:\/\/inmosolycasas.com\/es\/transporte-publico-en-benidorm\/#article","isPartOf":{"@id":"https:\/\/inmosolycasas.com\/es\/transporte-publico-en-benidorm\/#webpage"},"author":{"@id":"https:\/\/inmosolycasas.com\/#\/schema\/person\/810eb2694e101ddc45e548c83d8f4491"},"headline":"Transporte p\u00fablico en Benidorm","datePublished":"2026-04-22T07:07:36+00:00","dateModified":"2026-04-22T07:22:41+00:00","mainEntityOfPage":{"@id":"https:\/\/inmosolycasas.com\/es\/transporte-publico-en-benidorm\/#webpage"},"wordCount":1614,"publisher":{"@id":"https:\/\/inmosolycasas.com\/#organization"},"image":{"@id":"https:\/\/inmosolycasas.com\/es\/transporte-publico-en-benidorm\/#primaryimage"},"thumbnailUrl":"https:\/\/inmosolycasas.com\/wp-content\/uploads\/2026\/04\/Playa-Levante-1.jpeg","articleSection":["Sin categorizar"],"inLanguage":"es"},{"@type":"Person","@id":"https:\/\/inmosolycasas.com\/#\/schema\/person\/810eb2694e101ddc45e548c83d8f4491","name":"Inmo Sol y Casas","image":{"@type":"ImageObject","@id":"https:\/\/inmosolycasas.com\/#personlogo","inLanguage":"es","url":"https:\/\/secure.gravatar.com\/avatar\/dd97def878f509710e0cf62fde596f74?s=96&d=mm&r=g","contentUrl":"https:\/\/secure.gravatar.com\/avatar\/dd97def878f509710e0cf62fde596f74?s=96&d=mm&r=g","caption":"Inmo Sol y Casas"},"sameAs":["https:\/\/inmosolycasas.com\/"],"url":"https:\/\/inmosolycasas.com\/es\/author\/ties\/"}]}},"_links":{"self":[{"href":"https:\/\/inmosolycasas.com\/es\/wp-json\/wp\/v2\/posts\/123536"}],"collection":[{"href":"https:\/\/inmosolycasas.com\/es\/wp-json\/wp\/v2\/posts"}],"about":[{"href":"https:\/\/inmosolycasas.com\/es\/wp-json\/wp\/v2\/types\/post"}],"author":[{"embeddable":true,"href":"https:\/\/inmosolycasas.com\/es\/wp-json\/wp\/v2\/users\/3"}],"replies":[{"embeddable":true,"href":"https:\/\/inmosolycasas.com\/es\/wp-json\/wp\/v2\/comments?post=123536"}],"version-history":[{"count":2,"href":"https:\/\/inmosolycasas.com\/es\/wp-json\/wp\/v2\/posts\/123536\/revisions"}],"predecessor-version":[{"id":123541,"href":"https:\/\/inmosolycasas.com\/es\/wp-json\/wp\/v2\/posts\/123536\/revisions\/123541"}],"wp:featuredmedia":[{"embeddable":true,"href":"https:\/\/inmosolycasas.com\/es\/wp-json\/wp\/v2\/media\/123527"}],"wp:attachment":[{"href":"https:\/\/inmosolycasas.com\/es\/wp-json\/wp\/v2\/media?parent=123536"}],"wp:term":[{"taxonomy":"category","embeddable":true,"href":"https:\/\/inmosolycasas.com\/es\/wp-json\/wp\/v2\/categories?post=123536"},{"taxonomy":"post_tag","embeddable":true,"href":"https:\/\/inmosolycasas.com\/es\/wp-json\/wp\/v2\/tags?post=123536"}],"curies":[{"name":"wp","href":"https:\/\/api.w.org\/{rel}","templated":true}]}}